{"id":3381,"date":"2022-07-13T09:38:59","date_gmt":"2022-07-13T07:38:59","guid":{"rendered":"https:\/\/justprint.sk\/blog\/?p=3381"},"modified":"2022-07-21T12:17:03","modified_gmt":"2022-07-21T10:17:03","slug":"naplanujte-si-svoj-cas-vyberte-si-kalendar-podla-svojho-zivotneho-stylu","status":"publish","type":"post","link":"https:\/\/justprint.sk\/blog\/2022\/07\/naplanujte-si-svoj-cas-vyberte-si-kalendar-podla-svojho-zivotneho-stylu\/","title":{"rendered":"Napl\u00e1nujte si svoj \u010das. Vyberte si kalend\u00e1r pod\u013ea svojho \u017eivotn\u00e9ho \u0161t\u00fdlu."},"content":{"rendered":"\n<p>\u010cas sa ned\u00e1 natiahnu\u0165 ani zastavi\u0165, ale m\u00f4\u017eete si ho dobre napl\u00e1nova\u0165. Aby ste vyu\u017eili ka\u017ed\u00fa chv\u00ed\u013eu a nepreme\u0161kali tie najd\u00f4le\u017eitej\u0161ie udalosti, mali by ste si vytvori\u0165 pl\u00e1n a efekt\u00edvne ho kontrolova\u0165. Ni\u010d tak neu\u013eah\u010d\u00ed organiz\u00e1ciu ako dobre zvolen\u00fd kalend\u00e1r. Dobr\u00fd form\u00e1t bude vyhovova\u0165 V\u00e1\u0161mu \u017eivotn\u00e9mu \u0161t\u00fdlu a charakteru. Existuje ve\u013ea druhov kalend\u00e1ra, z ktor\u00fdch si m\u00f4\u017eete vybra\u0165, a preto si rozhodne pozrite v\u0161etky, aby ste si vybrali ten najlep\u0161\u00ed.<\/p>\n\n\n\n<!--more-->\n\n\n\n<h1 class=\"wp-block-heading\">Di\u00e1r &#8211; je najob\u013e\u00fabenej\u0161\u00ed, ale \u010di je najlep\u0161\u00ed?<\/h1>\n\n\n\n<p>Di\u00e1re s\u00fa jednou z najob\u013e\u00fabenej\u0161\u00edch foriem pre s\u00fakromn\u00e9 \u200b\u200baj firemn\u00e9 pou\u017eitie. S\u00fa kr\u00e1sne a praktick\u00e9, m\u00f4\u017eete si ich vzia\u0165 kamko\u013evek a ma\u0165 ich v\u017edy po ruke. Vn\u00fatro tak\u00e9hoto kalend\u00e1ra si navy\u0161e m\u00f4\u017eete prisp\u00f4sobi\u0165 vlastn\u00fdm potreb\u00e1m a obal m\u00f4\u017ee odr\u00e1\u017ea\u0165 V\u00e1\u0161 charakter alebo pracovn\u00fa poz\u00edciu. Je len na V\u00e1s, \u010di kalend\u00e1r bude klasick\u00fd, elegantn\u00fd, dizajnov\u00fd alebo farebn\u00fd. Di\u00e1re v\u0161ak nepon\u00fakaj\u00fa v\u0161etky funkcie. S\u00fa pohodln\u00e9, praktick\u00e9, no maj\u00fa aj svoje obmedzenia. Ak potrebujete kalend\u00e1r, ktor\u00fd bud\u00fa m\u00f4c\u0165 pou\u017e\u00edva\u0165 aj ostatn\u00ed alebo m\u00e1 \u010fal\u0161ie v\u00fdhody, m\u00e1te na v\u00fdber z mnoh\u00fdch mo\u017enost\u00ed.<\/p>\n\n\n\n<h2 class=\"wp-block-heading\">7 kalend\u00e1rov, ktor\u00e9 by mohli lep\u0161ie vyhovova\u0165 V\u00e1\u0161mu \u017eivotn\u00e9mu \u0161t\u00fdlu.<\/h2>\n\n\n\n<h2 class=\"wp-block-heading\">1.&nbsp;&nbsp; &nbsp;\u0160pir\u00e1lov\u00fd n\u00e1stenn\u00fd kalend\u00e1r &#8211; pre \u013eud\u00ed s dobrou organiz\u00e1ciou<\/h2>\n\n\n\n<p>Praktick\u00fd n\u00e1stenn\u00fd kalend\u00e1r, ktor\u00fd V\u00e1m umo\u017en\u00ed nielen pl\u00e1nova\u0165 dni a mesiace, ale bude z\u00e1rove\u0148 ozdobou. Bez oh\u013eadu na to, \u010di ho zaves\u00edte na stenu v kancel\u00e1rii alebo doma, m\u00f4\u017ee by\u0165 doplnkovou dekor\u00e1ciou miestnosti. <strong><a href=\"https:\/\/justprint.sk\/nastenny_kalendar_so_spiralou\" target=\"_blank\" rel=\"noreferrer noopener\">\u0160pir\u00e1lov\u00e9 n\u00e1stenn\u00e9 kalend\u00e1re<\/a><\/strong> sa dod\u00e1vaj\u00fa v nieko\u013ek\u00fdch ve\u013ekostiach a m\u00f4\u017eu by\u0165 vertik\u00e1lne alebo horizont\u00e1lne. Kalend\u00e1r si m\u00f4\u017eete vytla\u010di\u0165 pod\u013ea vlastnej predstavy a n\u00e1vrhu &#8211; vtedy bude ka\u017ed\u00e1 str\u00e1nka mal\u00fdm umeleck\u00fdm dielom.<\/p>\n\n\n\n<figure class=\"wp-block-image size-large\"><img decoding=\"async\" loading=\"lazy\" width=\"1024\" height=\"1024\" src=\"https:\/\/justprint.sk\/blog\/wp-content\/uploads\/2022\/07\/scienny-spiralowany-1024x1024.jpg\" alt=\"N\u00e1stenn\u00fd kalend\u00e1r so \u0161pir\u00e1lou\" class=\"wp-image-3380\" srcset=\"https:\/\/justprint.sk\/blog\/wp-content\/uploads\/2022\/07\/scienny-spiralowany-1024x1024.jpg 1024w, https:\/\/justprint.sk\/blog\/wp-content\/uploads\/2022\/07\/scienny-spiralowany-300x300.jpg 300w, https:\/\/justprint.sk\/blog\/wp-content\/uploads\/2022\/07\/scienny-spiralowany-150x150.jpg 150w, https:\/\/justprint.sk\/blog\/wp-content\/uploads\/2022\/07\/scienny-spiralowany-768x768.jpg 768w, https:\/\/justprint.sk\/blog\/wp-content\/uploads\/2022\/07\/scienny-spiralowany-585x585.jpg 585w, https:\/\/justprint.sk\/blog\/wp-content\/uploads\/2022\/07\/scienny-spiralowany-24x24.jpg 24w, https:\/\/justprint.sk\/blog\/wp-content\/uploads\/2022\/07\/scienny-spiralowany-48x48.jpg 48w, https:\/\/justprint.sk\/blog\/wp-content\/uploads\/2022\/07\/scienny-spiralowany-96x96.jpg 96w, https:\/\/justprint.sk\/blog\/wp-content\/uploads\/2022\/07\/scienny-spiralowany.jpg 1080w\" sizes=\"(max-width: 1024px) 100vw, 1024px\" \/><figcaption>N\u00e1stenn\u00fd kalend\u00e1r so \u0161pir\u00e1lou<\/figcaption><\/figure>\n\n\n\n<h2 class=\"wp-block-heading\"><a><\/a>2.&nbsp;&nbsp; N\u00e1stenn\u00fd plag\u00e1tov\u00fd kalend\u00e1r &#8211; pre t\u00fdch, ktor\u00ed si cenia dizajn<\/h2>\n\n\n\n<p>Ak je pre V\u00e1s d\u00f4le\u017eit\u00fd dizajn a ur\u010dite rad\u0161ej vid\u00edte cel\u00fd rok na jednej str\u00e1nke, potom je <strong><a href=\"https:\/\/justprint.sk\/nastenny_kalendar_s_listou\" target=\"_blank\" rel=\"noreferrer noopener\">n\u00e1stenn\u00fd plag\u00e1tov\u00fd kalend\u00e1r<\/a><\/strong> pre V\u00e1s ide\u00e1lnou vo\u013ebou. Umo\u017en\u00ed V\u00e1m lep\u0161ie pl\u00e1novanie povinnost\u00ed a ke\u010f ho zaves\u00edte nad p\u00edsac\u00ed st\u00f4l, bude p\u00f4sobi\u0165 ako nev\u0161edn\u00fd plag\u00e1t, o\u017eiv\u00ed miestnos\u0165 alebo jej dod\u00e1 \u0161tipku elegancie \u010di farby. A \u010do viac, m\u00f4\u017eete si navrhn\u00fa\u0165 svoj vlastn\u00fd kalend\u00e1r a dodato\u010dne si ho prisp\u00f4sobi\u0165 v\u00fdberom typu papiera a \u010fal\u0161\u00edch mo\u017enost\u00ed zu\u0161\u013eachtenia. V\u010faka tomu zapadne do V\u00e1\u0161ho interi\u00e9ru, ozdob\u00ed ho a z\u00e1rove\u0148 bude sp\u013a\u0148a\u0165 praktick\u00fa funkciu. Je to rie\u0161enie pre \u013eud\u00ed, ktor\u00ed si cenia estetiku.<\/p>\n\n\n\n<figure class=\"wp-block-image size-large\"><img decoding=\"async\" loading=\"lazy\" width=\"1024\" height=\"1024\" src=\"https:\/\/justprint.sk\/blog\/wp-content\/uploads\/2022\/07\/kalendarz_listwowany-1024x1024.jpg\" alt=\"N\u00e1stenn\u00fd kalend\u00e1r s li\u0161tou\" class=\"wp-image-3375\" srcset=\"https:\/\/justprint.sk\/blog\/wp-content\/uploads\/2022\/07\/kalendarz_listwowany-1024x1024.jpg 1024w, https:\/\/justprint.sk\/blog\/wp-content\/uploads\/2022\/07\/kalendarz_listwowany-300x300.jpg 300w, https:\/\/justprint.sk\/blog\/wp-content\/uploads\/2022\/07\/kalendarz_listwowany-150x150.jpg 150w, https:\/\/justprint.sk\/blog\/wp-content\/uploads\/2022\/07\/kalendarz_listwowany-768x768.jpg 768w, https:\/\/justprint.sk\/blog\/wp-content\/uploads\/2022\/07\/kalendarz_listwowany-585x585.jpg 585w, https:\/\/justprint.sk\/blog\/wp-content\/uploads\/2022\/07\/kalendarz_listwowany-24x24.jpg 24w, https:\/\/justprint.sk\/blog\/wp-content\/uploads\/2022\/07\/kalendarz_listwowany-48x48.jpg 48w, https:\/\/justprint.sk\/blog\/wp-content\/uploads\/2022\/07\/kalendarz_listwowany-96x96.jpg 96w, https:\/\/justprint.sk\/blog\/wp-content\/uploads\/2022\/07\/kalendarz_listwowany.jpg 1080w\" sizes=\"(max-width: 1024px) 100vw, 1024px\" \/><figcaption>N\u00e1stenn\u00fd kalend\u00e1r s li\u0161tou<\/figcaption><\/figure>\n\n\n\n<h2 class=\"wp-block-heading\">3.&nbsp;&nbsp; N\u00e1stenn\u00fd pl\u00e1nova\u010d &#8211; pre akt\u00edvnych \u013eud\u00ed<\/h2>\n\n\n\n<p>Ste akt\u00edvnou osobou a ka\u017ed\u00fd V\u00e1\u0161 de\u0148 je a\u017e po okraj naplnen\u00fd mnoh\u00fdmi r\u00f4znymi udalos\u0165ami? Pokia\u013e vediete zanepr\u00e1zdnen\u00fd \u017eivotn\u00fd \u0161t\u00fdl, m\u00f4\u017ee sa sta\u0165, \u017ee c\u00edtite potrebu vnies\u0165 do svojho d\u0148a ur\u010dit\u00fd poriadok. <strong><a href=\"https:\/\/justprint.sk\/nastenny_planovac\" target=\"_blank\" rel=\"noreferrer noopener\">N\u00e1stenn\u00fd pl\u00e1nova\u010d<\/a><\/strong> je skvel\u00fd n\u00e1pad, ktor\u00fd V\u00e1m pom\u00f4\u017ee usporiada\u0165 v\u0161etky svoje pl\u00e1ny a nestrati\u0165 sa pri tom v spleti udalost\u00ed. Ve\u013ek\u00fd kalend\u00e1r zavesen\u00fd na stene V\u00e1m umo\u017en\u00ed systematizova\u0165 dni a na prv\u00fd poh\u013ead budete vedie\u0165, kde m\u00e1te e\u0161te trochu vo\u013en\u00e9ho \u010dasu a miesto na prid\u00e1vanie \u010fal\u0161\u00edch aktiv\u00edt. A navy\u0161e m\u00f4\u017ee vyzera\u0165 kr\u00e1sne a \u0161t\u00fdlovo.<\/p>\n\n\n\n<figure class=\"wp-block-image size-large\"><img decoding=\"async\" loading=\"lazy\" width=\"1024\" height=\"1024\" src=\"https:\/\/justprint.sk\/blog\/wp-content\/uploads\/2022\/07\/planery-1024x1024.jpg\" alt=\" N\u00e1stenn\u00fd pl\u00e1nova\u010d\" class=\"wp-image-3378\" srcset=\"https:\/\/justprint.sk\/blog\/wp-content\/uploads\/2022\/07\/planery-1024x1024.jpg 1024w, https:\/\/justprint.sk\/blog\/wp-content\/uploads\/2022\/07\/planery-300x300.jpg 300w, https:\/\/justprint.sk\/blog\/wp-content\/uploads\/2022\/07\/planery-150x150.jpg 150w, https:\/\/justprint.sk\/blog\/wp-content\/uploads\/2022\/07\/planery-768x768.jpg 768w, https:\/\/justprint.sk\/blog\/wp-content\/uploads\/2022\/07\/planery-585x585.jpg 585w, https:\/\/justprint.sk\/blog\/wp-content\/uploads\/2022\/07\/planery-24x24.jpg 24w, https:\/\/justprint.sk\/blog\/wp-content\/uploads\/2022\/07\/planery-48x48.jpg 48w, https:\/\/justprint.sk\/blog\/wp-content\/uploads\/2022\/07\/planery-96x96.jpg 96w, https:\/\/justprint.sk\/blog\/wp-content\/uploads\/2022\/07\/planery.jpg 1080w\" sizes=\"(max-width: 1024px) 100vw, 1024px\" \/><figcaption>N\u00e1stenn\u00fd pl\u00e1nova\u010d<\/figcaption><\/figure>\n\n\n\n<h2 class=\"wp-block-heading\"><a><\/a>4.&nbsp;&nbsp; Stolov\u00fd kalend\u00e1r &#8211; pre t\u00fdch, ktor\u00ed maj\u00fa m\u00e1lo \u010dasu<\/h2>\n\n\n\n<p>Ak ste zanepr\u00e1zdnen\u00fd \u010dlovek a m\u00e1te radi v\u0161etko po ruke, aby ste nestr\u00e1cali \u010das h\u013eadan\u00edm, <strong><a href=\"https:\/\/justprint.sk\/stolovy_kalendar\" target=\"_blank\" rel=\"noreferrer noopener\">pyram\u00eddov\u00fd stolov\u00fd kalend\u00e1r<\/a><\/strong> V\u00e1m m\u00f4\u017ee v\u00fdrazne u\u013eah\u010di\u0165 pr\u00e1cu a pl\u00e1novanie. M\u00f4\u017eete po \u0148om kedyko\u013evek siahnu\u0165 a skontrolova\u0165 si d\u00e1tum alebo de\u0148 v t\u00fd\u017edni. Je to ve\u013emi v\u00fdhodn\u00e1 mo\u017enos\u0165 pre \u013eud\u00ed, ktor\u00ed konaj\u00fa r\u00fdchlo a nepotrebuj\u00fa zapisova\u0165 do kalend\u00e1ra pr\u00edli\u0161 ve\u013ea vec\u00ed, ale vyu\u017e\u00edvaj\u00fa ho len na kontrolu d\u00e1tumu. Navy\u0161e, tak\u00fdto kalend\u00e1r nemus\u00ed by\u0165 v\u00f4bec nudn\u00fd ani \u0161kared\u00fd. M\u00f4\u017eete si vytvori\u0165 stolov\u00fd kalend\u00e1r, ktor\u00fd pote\u0161\u00ed svojim dizajnom a ozdob\u00ed Va\u0161e pracovisko.<\/p>\n\n\n\n<figure class=\"wp-block-image size-large\"><img decoding=\"async\" loading=\"lazy\" width=\"1024\" height=\"1024\" src=\"https:\/\/justprint.sk\/blog\/wp-content\/uploads\/2022\/07\/kalendarz_piramidka-1024x1024.jpg\" alt=\"Stolov\u00fd kalend\u00e1r\" class=\"wp-image-3376\" srcset=\"https:\/\/justprint.sk\/blog\/wp-content\/uploads\/2022\/07\/kalendarz_piramidka-1024x1024.jpg 1024w, https:\/\/justprint.sk\/blog\/wp-content\/uploads\/2022\/07\/kalendarz_piramidka-300x300.jpg 300w, https:\/\/justprint.sk\/blog\/wp-content\/uploads\/2022\/07\/kalendarz_piramidka-150x150.jpg 150w, https:\/\/justprint.sk\/blog\/wp-content\/uploads\/2022\/07\/kalendarz_piramidka-768x768.jpg 768w, https:\/\/justprint.sk\/blog\/wp-content\/uploads\/2022\/07\/kalendarz_piramidka-585x585.jpg 585w, https:\/\/justprint.sk\/blog\/wp-content\/uploads\/2022\/07\/kalendarz_piramidka-24x24.jpg 24w, https:\/\/justprint.sk\/blog\/wp-content\/uploads\/2022\/07\/kalendarz_piramidka-48x48.jpg 48w, https:\/\/justprint.sk\/blog\/wp-content\/uploads\/2022\/07\/kalendarz_piramidka-96x96.jpg 96w, https:\/\/justprint.sk\/blog\/wp-content\/uploads\/2022\/07\/kalendarz_piramidka.jpg 1080w\" sizes=\"(max-width: 1024px) 100vw, 1024px\" \/><figcaption>Stolov\u00fd kalend\u00e1r<\/figcaption><\/figure>\n\n\n\n<h2 class=\"wp-block-heading\"><a><\/a>5.&nbsp;&nbsp; \u0160pir\u00e1lov\u00fd mesa\u010dn\u00fd stolov\u00fd kalend\u00e1r \u2013 pre t\u00fdch, ktor\u00ed maj\u00fa m\u00e1lo miesta<\/h2>\n\n\n\n<p>Mal\u00e9 priestory si \u010dasto vy\u017eaduj\u00fa \u0161peci\u00e1lne rie\u0161enia. Ak m\u00e1te mal\u00fd pracovn\u00fd st\u00f4l a potrebujete kalend\u00e1r, ktor\u00fd V\u00e1m umo\u017en\u00ed nielen zaznamen\u00e1va\u0165 najd\u00f4le\u017eitej\u0161ie udalosti, no budete ho ma\u0165 st\u00e1le po ruke a navy\u0161e nezaberie ve\u013ea miesta, <strong><a href=\"https:\/\/justprint.sk\/stolovy-kalendar-so-spiralou-mesacny\" target=\"_blank\" rel=\"noreferrer noopener\">\u0161pir\u00e1lov\u00fd mesa\u010dn\u00fd kalend\u00e1r<\/a><\/strong> je pre V\u00e1s ide\u00e1lnou mo\u017enos\u0165ou. V\u010faka samostatn\u00fdm listom ka\u017ed\u00e9ho mesiaca si r\u00fdchlo zazna\u010d\u00edte najd\u00f4le\u017eitej\u0161ie udalosti, na ktor\u00e9 ur\u010dite nezabudnete. A \u010do je d\u00f4le\u017eitej\u0161ie, tak\u00fdto kalend\u00e1r si m\u00f4\u017eete navrhn\u00fa\u0165 sami, pri\u010dom si vyberiete dizajn a kalend\u00e1rium pod\u013ea svojich potrieb. Bude \u0161t\u00fdlovou ozdobou Va\u0161ej kancel\u00e1rie.<\/p>\n\n\n\n<figure class=\"wp-block-image size-large\"><img decoding=\"async\" loading=\"lazy\" width=\"1024\" height=\"1024\" src=\"https:\/\/justprint.sk\/blog\/wp-content\/uploads\/2022\/07\/spiralowana-piramidka-miesieczna-1024x1024.jpg\" alt=\"Stolov\u00fd kalend\u00e1r so \u0161pir\u00e1lou (mesa\u010dn\u00fd)\" class=\"wp-image-3374\" srcset=\"https:\/\/justprint.sk\/blog\/wp-content\/uploads\/2022\/07\/spiralowana-piramidka-miesieczna-1024x1024.jpg 1024w, https:\/\/justprint.sk\/blog\/wp-content\/uploads\/2022\/07\/spiralowana-piramidka-miesieczna-300x300.jpg 300w, https:\/\/justprint.sk\/blog\/wp-content\/uploads\/2022\/07\/spiralowana-piramidka-miesieczna-150x150.jpg 150w, https:\/\/justprint.sk\/blog\/wp-content\/uploads\/2022\/07\/spiralowana-piramidka-miesieczna-768x768.jpg 768w, https:\/\/justprint.sk\/blog\/wp-content\/uploads\/2022\/07\/spiralowana-piramidka-miesieczna-585x585.jpg 585w, https:\/\/justprint.sk\/blog\/wp-content\/uploads\/2022\/07\/spiralowana-piramidka-miesieczna-24x24.jpg 24w, https:\/\/justprint.sk\/blog\/wp-content\/uploads\/2022\/07\/spiralowana-piramidka-miesieczna-48x48.jpg 48w, https:\/\/justprint.sk\/blog\/wp-content\/uploads\/2022\/07\/spiralowana-piramidka-miesieczna-96x96.jpg 96w, https:\/\/justprint.sk\/blog\/wp-content\/uploads\/2022\/07\/spiralowana-piramidka-miesieczna.jpg 1080w\" sizes=\"(max-width: 1024px) 100vw, 1024px\" \/><figcaption>Stolov\u00fd kalend\u00e1r so \u0161pir\u00e1lou (mesa\u010dn\u00fd)<\/figcaption><\/figure>\n\n\n\n<h2 class=\"wp-block-heading\"><a><\/a>6.&nbsp;&nbsp; P\u00edsacia podlo\u017eka s kalend\u00e1rom na st\u00f4l &#8211; pre spont\u00e1nnych<\/h2>\n\n\n\n<p>M\u00e1te pln\u00fa hlavu n\u00e1padov? Nem\u00f4\u017eete alebo nedok\u00e1\u017eete pl\u00e1nova\u0165 ve\u013ea dopredu a ve\u013ea vec\u00ed sa ukazuje iba po\u010das procesu? Potrebujete miesto, kde si m\u00f4\u017eete zaznamena\u0165 v\u0161etky aktu\u00e1lne udalosti, n\u00e1pady a ma\u0165 ich v\u017edy pod kontrolou? <strong><a href=\"https:\/\/justprint.sk\/pisacia_podlozka\" target=\"_blank\" rel=\"noreferrer noopener\">P\u00edsacia podlo\u017eka s kalend\u00e1rom<\/a><\/strong> na st\u00f4l m\u00f4\u017ee v\u00fdrazne u\u013eah\u010di\u0165 organiz\u00e1ciu, preto\u017ee ho m\u00e1te v\u017edy po ruke. Navy\u0161e je dostupn\u00fd vo viacer\u00fdch ve\u013ekostiach, tak\u017ee sa V\u00e1m perfektne hod\u00ed na pracovn\u00fd st\u00f4l. Sta\u010d\u00ed chyti\u0165 pero a nap\u00edsa\u0165 v\u0161etky svoje pl\u00e1ny a n\u00e1pady na tento de\u0148!<\/p>\n\n\n\n<figure class=\"wp-block-image size-large\"><img decoding=\"async\" loading=\"lazy\" width=\"1024\" height=\"1024\" src=\"https:\/\/justprint.sk\/blog\/wp-content\/uploads\/2022\/07\/podklad_na_biurko-1024x1024.jpg\" alt=\"\" class=\"wp-image-3379\" srcset=\"https:\/\/justprint.sk\/blog\/wp-content\/uploads\/2022\/07\/podklad_na_biurko-1024x1024.jpg 1024w, https:\/\/justprint.sk\/blog\/wp-content\/uploads\/2022\/07\/podklad_na_biurko-300x300.jpg 300w, https:\/\/justprint.sk\/blog\/wp-content\/uploads\/2022\/07\/podklad_na_biurko-150x150.jpg 150w, https:\/\/justprint.sk\/blog\/wp-content\/uploads\/2022\/07\/podklad_na_biurko-768x768.jpg 768w, https:\/\/justprint.sk\/blog\/wp-content\/uploads\/2022\/07\/podklad_na_biurko-585x585.jpg 585w, https:\/\/justprint.sk\/blog\/wp-content\/uploads\/2022\/07\/podklad_na_biurko-24x24.jpg 24w, https:\/\/justprint.sk\/blog\/wp-content\/uploads\/2022\/07\/podklad_na_biurko-48x48.jpg 48w, https:\/\/justprint.sk\/blog\/wp-content\/uploads\/2022\/07\/podklad_na_biurko-96x96.jpg 96w, https:\/\/justprint.sk\/blog\/wp-content\/uploads\/2022\/07\/podklad_na_biurko.jpg 1080w\" sizes=\"(max-width: 1024px) 100vw, 1024px\" \/><figcaption>P\u00edsacia podlo\u017eka<\/figcaption><\/figure>\n\n\n\n<h2 class=\"wp-block-heading\"><a><\/a>7.&nbsp;&nbsp; Vreckov\u00fd kalend\u00e1r &#8211; pre t\u00fdch, ktor\u00ed sa nezastavia<\/h2>\n\n\n\n<p>Chod\u00edte na ve\u013etrhy, konferencie alebo in\u00e9 podujatia? Alebo mo\u017eno m\u00e1te po\u010das d\u0148a ve\u013ea stretnut\u00ed s klientmi? Ak ste neust\u00e1le v pohybe, potrebujete nie\u010do tak\u00e9 mobiln\u00e9, ako ste Vy. <strong><a href=\"https:\/\/justprint.sk\/vreckovy_kalendar_\" target=\"_blank\" rel=\"noreferrer noopener\">Vreckov\u00fd kalend\u00e1r<\/a><\/strong> bude v tomto pr\u00edpade perfektn\u00fdm rie\u0161en\u00edm. Je mal\u00fd, tak\u017ee ho \u013eahko vlo\u017e\u00edte do vrecka alebo pe\u0148a\u017eenky. Okrem toho posl\u00fa\u017ei aj ako vizitka, ktor\u00fa m\u00f4\u017eete necha\u0165 svojim z\u00e1kazn\u00edkom po stretnut\u00ed alebo rozd\u00e1va\u0165 na ve\u013etrhu. Kr\u00e1sne navrhnut\u00fd vreckov\u00fd kalend\u00e1r m\u00f4\u017ee urobi\u0165 dojem na obdarovan\u00fdch pr\u00edjemcov. <\/p>\n\n\n\n<p>Ako ste si u\u017e ur\u010dite v\u0161imli, dobr\u00fd kalend\u00e1r je ten, ktor\u00fd nielen kr\u00e1sne vyzer\u00e1 a je prakticky navrhnut\u00fd, ale aj tak\u00fd, ktor\u00fd svojou formou a sp\u00f4sobom pou\u017eitia vyhovuje V\u00e1\u0161mu \u017eivotn\u00e9mu \u0161t\u00fdlu. Ka\u017ed\u00fd z n\u00e1s je predsa in\u00fd, tak pre\u010do by mali by\u0165 na\u0161e <strong><a href=\"https:\/\/justprint.sk\/produkty\/kalendare\" target=\"_blank\" rel=\"noreferrer noopener\">kalend\u00e1re<\/a><\/strong> rovnak\u00e9? N\u00e1jdite si svoj dokonal\u00fd kalend\u00e1r &#8211; pl\u00e1nujte si \u00falohy a organizujte si svoj \u010das jednoducho.<\/p>\n","protected":false},"excerpt":{"rendered":"<p>\u010cas sa ned\u00e1 natiahnu\u0165 ani zastavi\u0165, ale m\u00f4\u017eete si ho dobre napl\u00e1nova\u0165. Aby ste vyu\u017eili ka\u017ed\u00fa chv\u00ed\u013eu a nepreme\u0161kali tie najd\u00f4le\u017eitej\u0161ie udalosti, mali by ste si vytvori\u0165 pl\u00e1n a efekt\u00edvne&hellip;<\/p>\n","protected":false},"author":1,"featured_media":3396,"comment_status":"open","ping_status":"open","sticky":false,"template":"","format":"standard","meta":[],"categories":[36,60,37,35],"tags":[144,142,48,145,143],"aioseo_notices":[],"_links":{"self":[{"href":"https:\/\/justprint.sk\/blog\/wp-json\/wp\/v2\/posts\/3381"}],"collection":[{"href":"https:\/\/justprint.sk\/blog\/wp-json\/wp\/v2\/posts"}],"about":[{"href":"https:\/\/justprint.sk\/blog\/wp-json\/wp\/v2\/types\/post"}],"author":[{"embeddable":true,"href":"https:\/\/justprint.sk\/blog\/wp-json\/wp\/v2\/users\/1"}],"replies":[{"embeddable":true,"href":"https:\/\/justprint.sk\/blog\/wp-json\/wp\/v2\/comments?post=3381"}],"version-history":[{"count":3,"href":"https:\/\/justprint.sk\/blog\/wp-json\/wp\/v2\/posts\/3381\/revisions"}],"predecessor-version":[{"id":3384,"href":"https:\/\/justprint.sk\/blog\/wp-json\/wp\/v2\/posts\/3381\/revisions\/3384"}],"wp:featuredmedia":[{"embeddable":true,"href":"https:\/\/justprint.sk\/blog\/wp-json\/wp\/v2\/media\/3396"}],"wp:attachment":[{"href":"https:\/\/justprint.sk\/blog\/wp-json\/wp\/v2\/media?parent=3381"}],"wp:term":[{"taxonomy":"category","embeddable":true,"href":"https:\/\/justprint.sk\/blog\/wp-json\/wp\/v2\/categories?post=3381"},{"taxonomy":"post_tag","embeddable":true,"href":"https:\/\/justprint.sk\/blog\/wp-json\/wp\/v2\/tags?post=3381"}],"curies":[{"name":"wp","href":"https:\/\/api.w.org\/{rel}","templated":true}]}}