{"id":1661,"date":"2020-07-24T11:44:43","date_gmt":"2020-07-24T09:44:43","guid":{"rendered":"https:\/\/justprint.sk\/blog\/?p=1661"},"modified":"2020-07-24T13:08:27","modified_gmt":"2020-07-24T11:08:27","slug":"5-vyhod-tlacenych-kalendarov","status":"publish","type":"post","link":"https:\/\/justprint.sk\/blog\/2020\/07\/5-vyhod-tlacenych-kalendarov\/","title":{"rendered":"5 v\u00fdhod tla\u010den\u00fdch kalend\u00e1rov"},"content":{"rendered":"\n<p><strong>Oplat\u00ed sa e\u0161te projektova\u0165\npapierov\u00e9 kalend\u00e1re? Alebo mo\u017eno je lep\u0161ie zosta\u0165 sa pri tom, ktor\u00fd m\u00e1me v\nsmartf\u00f3ne? Ak st\u00e1le prem\u00fd\u0161\u013eate, \u010di sa oplat\u00ed zvoli\u0165 tla\u010den\u00e9 kalend\u00e1re,\npre\u010d\u00edtajte si o ich 5 v\u00fdhod\u00e1ch a a\u017e potom sa rozhodnite.<\/strong><\/p>\n\n\n\n<!--more-->\n\n\n\n<h2 class=\"wp-block-heading\">1. Papier je trpezliv\u00fd &#8211; projektujte kalend\u00e1re, projektujte ich cel\u00fd rok<\/h2>\n\n\n\n<p>Papier m\u00e1 ve\u013ea v\u00fdhod. Okrem\nst\u00e1ro\u010dnej trad\u00edcie m\u00e1 o\u010dividne aj du\u0161u a neuverite\u013en\u00fa trpezlivos\u0165. Papier je\nbiely h\u00e1rok, ktor\u00fd je otvoren\u00fd v\u0161etk\u00fdm odtie\u0148om va\u0161ej kreativity. Ak chcete,\naby bol tento rok pln\u00fd dobr\u00e9ho \u0161t\u00fdlu, za\u010dnite navrhova\u0165 kalend\u00e1r e\u0161te dnes.\nTento rok m\u00f4\u017ee by\u0165 poprepletan\u00fd va\u0161imi n\u00e1padmi, ktor\u00e9 v\u00e1s bud\u00fa v\u010faka kalend\u00e1ru\nsprev\u00e1dza\u0165 ka\u017ed\u00fd de\u0148. Ak h\u013ead\u00e1te trpezliv\u00e9ho pr\u00edjemcu n\u00e1padov &#8211; papier bude pre\nv\u00e1s najlep\u0161\u00edm partnerom.<\/p>\n\n\n\n<ul class=\"wp-block-gallery columns-3 is-cropped wp-block-gallery-1 is-layout-flex\"><li class=\"blocks-gallery-item\"><figure><img decoding=\"async\" loading=\"lazy\" width=\"1024\" height=\"1024\" src=\"https:\/\/justprint.sk\/blog\/wp-content\/uploads\/2020\/07\/listkowy-1024x1024.png\" alt=\"P\u00edsacia podlo\u017eka\" data-id=\"1664\" data-link=\"https:\/\/justprint.sk\/blog\/2020\/07\/5-vyhod-tlacenych-kalendarov\/listkowy\/\" class=\"wp-image-1664\" srcset=\"https:\/\/justprint.sk\/blog\/wp-content\/uploads\/2020\/07\/listkowy-1024x1024.png 1024w, https:\/\/justprint.sk\/blog\/wp-content\/uploads\/2020\/07\/listkowy-150x150.png 150w, https:\/\/justprint.sk\/blog\/wp-content\/uploads\/2020\/07\/listkowy-300x300.png 300w, https:\/\/justprint.sk\/blog\/wp-content\/uploads\/2020\/07\/listkowy-768x768.png 768w, https:\/\/justprint.sk\/blog\/wp-content\/uploads\/2020\/07\/listkowy-585x585.png 585w, https:\/\/justprint.sk\/blog\/wp-content\/uploads\/2020\/07\/listkowy-24x24.png 24w, https:\/\/justprint.sk\/blog\/wp-content\/uploads\/2020\/07\/listkowy-48x48.png 48w, https:\/\/justprint.sk\/blog\/wp-content\/uploads\/2020\/07\/listkowy-96x96.png 96w, https:\/\/justprint.sk\/blog\/wp-content\/uploads\/2020\/07\/listkowy.png 1080w\" sizes=\"(max-width: 1024px) 100vw, 1024px\" \/><\/figure><\/li><li class=\"blocks-gallery-item\"><figure><img decoding=\"async\" loading=\"lazy\" width=\"1024\" height=\"1024\" src=\"https:\/\/justprint.sk\/blog\/wp-content\/uploads\/2020\/07\/piramidka-miesieczna-klejona-1024x1024.png\" alt=\"Stolov\u00fd kalend\u00e1r\" data-id=\"1665\" data-link=\"https:\/\/justprint.sk\/blog\/2020\/07\/5-vyhod-tlacenych-kalendarov\/piramidka-miesieczna-klejona\/\" class=\"wp-image-1665\" srcset=\"https:\/\/justprint.sk\/blog\/wp-content\/uploads\/2020\/07\/piramidka-miesieczna-klejona-1024x1024.png 1024w, https:\/\/justprint.sk\/blog\/wp-content\/uploads\/2020\/07\/piramidka-miesieczna-klejona-150x150.png 150w, https:\/\/justprint.sk\/blog\/wp-content\/uploads\/2020\/07\/piramidka-miesieczna-klejona-300x300.png 300w, https:\/\/justprint.sk\/blog\/wp-content\/uploads\/2020\/07\/piramidka-miesieczna-klejona-768x768.png 768w, https:\/\/justprint.sk\/blog\/wp-content\/uploads\/2020\/07\/piramidka-miesieczna-klejona-585x585.png 585w, https:\/\/justprint.sk\/blog\/wp-content\/uploads\/2020\/07\/piramidka-miesieczna-klejona-24x24.png 24w, https:\/\/justprint.sk\/blog\/wp-content\/uploads\/2020\/07\/piramidka-miesieczna-klejona-48x48.png 48w, https:\/\/justprint.sk\/blog\/wp-content\/uploads\/2020\/07\/piramidka-miesieczna-klejona-96x96.png 96w, https:\/\/justprint.sk\/blog\/wp-content\/uploads\/2020\/07\/piramidka-miesieczna-klejona.png 1080w\" sizes=\"(max-width: 1024px) 100vw, 1024px\" \/><\/figure><\/li><li class=\"blocks-gallery-item\"><figure><img decoding=\"async\" loading=\"lazy\" width=\"1024\" height=\"1024\" src=\"https:\/\/justprint.sk\/blog\/wp-content\/uploads\/2020\/07\/piramidka-spiralowana-tygodniowa-1024x1024.png\" alt=\"Stolov\u00fd kalend\u00e1r so \u0161pir\u00e1lou\" data-id=\"1666\" data-link=\"https:\/\/justprint.sk\/blog\/2020\/07\/5-vyhod-tlacenych-kalendarov\/piramidka-spiralowana-tygodniowa\/\" class=\"wp-image-1666\" srcset=\"https:\/\/justprint.sk\/blog\/wp-content\/uploads\/2020\/07\/piramidka-spiralowana-tygodniowa-1024x1024.png 1024w, https:\/\/justprint.sk\/blog\/wp-content\/uploads\/2020\/07\/piramidka-spiralowana-tygodniowa-150x150.png 150w, https:\/\/justprint.sk\/blog\/wp-content\/uploads\/2020\/07\/piramidka-spiralowana-tygodniowa-300x300.png 300w, https:\/\/justprint.sk\/blog\/wp-content\/uploads\/2020\/07\/piramidka-spiralowana-tygodniowa-768x768.png 768w, https:\/\/justprint.sk\/blog\/wp-content\/uploads\/2020\/07\/piramidka-spiralowana-tygodniowa-585x585.png 585w, https:\/\/justprint.sk\/blog\/wp-content\/uploads\/2020\/07\/piramidka-spiralowana-tygodniowa-24x24.png 24w, https:\/\/justprint.sk\/blog\/wp-content\/uploads\/2020\/07\/piramidka-spiralowana-tygodniowa-48x48.png 48w, https:\/\/justprint.sk\/blog\/wp-content\/uploads\/2020\/07\/piramidka-spiralowana-tygodniowa-96x96.png 96w, https:\/\/justprint.sk\/blog\/wp-content\/uploads\/2020\/07\/piramidka-spiralowana-tygodniowa.png 1080w\" sizes=\"(max-width: 1024px) 100vw, 1024px\" \/><\/figure><\/li><\/ul>\n\n\n\n<h2 class=\"wp-block-heading\">2. Tla\u010den\u00e9 kalend\u00e1re &#8211; r\u00f4zne form\u00e1ty \u0161t\u00fdlov<\/h2>\n\n\n\n<p>Akon\u00e1hle budete ma\u0165 svoj n\u00e1pad a projekt kalend\u00e1ra, m\u00f4\u017eete ho prenies\u0165 do mnoh\u00fdch praktick\u00fdch foriem. Vy rozhodujete o jeho ve\u013ekosti, rozlo\u017een\u00ed a tvare. M\u00f4\u017eete vytla\u010di\u0165 mal\u00fd vreckov\u00fd kalend\u00e1r \u010di tie\u017e p\u00f4sobiv\u00fd plag\u00e1tov\u00fd kalend\u00e1r. Pri navrhovan\u00ed kalend\u00e1ra sa rozhodnite, \u010di chcete str\u00e1vi\u0165 nasleduj\u00facich 12 mesiacov s jedn\u00fdm projektom, alebo uprednost\u0148ujte kalend\u00e1r s denn\u00fdm\/t\u00fd\u017edenn\u00fdm\/mesa\u010dn\u00fdm rozlo\u017een\u00edm. <a href=\"https:\/\/justprint.sk\/produkty\/kalendare\">Kalend\u00e1re<\/a> sa dod\u00e1vaj\u00fa v mnoh\u00fdch form\u00e1toch &#8211; v\u010faka \u010domu si m\u00f4\u017eete vybra\u0165 ten, ktor\u00fd bude najviac vyhovova\u0165 va\u0161im potreb\u00e1m. Koniec koncov, dobr\u00e9 prisp\u00f4sobenie je z\u00e1kladom \u00faspe\u0161nej spolupr\u00e1ce, v\u0161ak?<\/p>\n\n\n\n<h2 class=\"wp-block-heading\">3. Projekt kalend\u00e1ra &#8211; Va\u0161a interi\u00e9rov\u00e1 dekor\u00e1cia<\/h2>\n\n\n\n<p>Tla\u010den\u00e9 kalend\u00e1re maj\u00fa ve\u013ea v\u00fdhod, ale jednou z najd\u00f4le\u017eitej\u0161\u00edch je t\u00e1, \u017ee ich m\u00f4\u017eeme pou\u017ei\u0165 ako personalizovan\u00e9 interi\u00e9rov\u00e9 dekor\u00e1cie. N\u00e1stenn\u00fd kalend\u00e1r je jedn\u00fdm z najjednoduch\u0161\u00edch a lacnej\u0161\u00edch sp\u00f4sobov na okam\u017eit\u00fa transform\u00e1ciu miestnosti. Kalend\u00e1r m\u00f4\u017ee by\u0165 personalizovanou n\u00e1stennou v\u00fdzdobou prisp\u00f4sobenou v\u00e1\u0161mu vkusu a interi\u00e9ru. M\u00f4\u017eete ho naplni\u0165 ob\u013e\u00faben\u00fdmi farbami, spomienkami alebo motiva\u010dn\u00fdmi vetami a potom zavesi\u0165 v strede ob\u00fdvacej izby alebo sp\u00e1lne. <strong>Vlastn\u00fd projekt kalend\u00e1ra v\u00e1m umo\u017en\u00ed \u013eahko usporiada\u0165 \u010das a ozna\u010di\u0165 najd\u00f4le\u017eitej\u0161ie d\u00e1tumy<\/strong>. Namiesto toho, aby ste si vybrali z hotov\u00fdch dekor\u00e1ci\u00ed stien, vyberte si personalizovan\u00fd kalend\u00e1r, ktor\u00fd napln\u00ed cel\u00fd rok va\u0161imi n\u00e1padmi.<\/p>\n\n\n\n<ul class=\"wp-block-gallery columns-3 is-cropped wp-block-gallery-3 is-layout-flex\"><li class=\"blocks-gallery-item\"><figure><img decoding=\"async\" loading=\"lazy\" width=\"1024\" height=\"1024\" src=\"https:\/\/justprint.sk\/blog\/wp-content\/uploads\/2020\/07\/podklad-na-biurko-1024x1024.png\" alt=\"P\u00edsacia podlo\u017eka - 2\" data-id=\"1667\" data-link=\"https:\/\/justprint.sk\/blog\/2020\/07\/5-vyhod-tlacenych-kalendarov\/podklad-na-biurko\/\" class=\"wp-image-1667\" srcset=\"https:\/\/justprint.sk\/blog\/wp-content\/uploads\/2020\/07\/podklad-na-biurko-1024x1024.png 1024w, https:\/\/justprint.sk\/blog\/wp-content\/uploads\/2020\/07\/podklad-na-biurko-150x150.png 150w, https:\/\/justprint.sk\/blog\/wp-content\/uploads\/2020\/07\/podklad-na-biurko-300x300.png 300w, https:\/\/justprint.sk\/blog\/wp-content\/uploads\/2020\/07\/podklad-na-biurko-768x768.png 768w, https:\/\/justprint.sk\/blog\/wp-content\/uploads\/2020\/07\/podklad-na-biurko-585x585.png 585w, https:\/\/justprint.sk\/blog\/wp-content\/uploads\/2020\/07\/podklad-na-biurko-24x24.png 24w, https:\/\/justprint.sk\/blog\/wp-content\/uploads\/2020\/07\/podklad-na-biurko-48x48.png 48w, https:\/\/justprint.sk\/blog\/wp-content\/uploads\/2020\/07\/podklad-na-biurko-96x96.png 96w, https:\/\/justprint.sk\/blog\/wp-content\/uploads\/2020\/07\/podklad-na-biurko.png 1080w\" sizes=\"(max-width: 1024px) 100vw, 1024px\" \/><\/figure><\/li><li class=\"blocks-gallery-item\"><figure><img decoding=\"async\" loading=\"lazy\" width=\"1024\" height=\"1024\" src=\"https:\/\/justprint.sk\/blog\/wp-content\/uploads\/2020\/07\/scienny-listwowany-1024x1024.png\" alt=\"N\u00e1stenn\u00fd kalend\u00e1r s li\u0161tou\" data-id=\"1668\" data-link=\"https:\/\/justprint.sk\/blog\/2020\/07\/5-vyhod-tlacenych-kalendarov\/scienny-listwowany\/\" class=\"wp-image-1668\" srcset=\"https:\/\/justprint.sk\/blog\/wp-content\/uploads\/2020\/07\/scienny-listwowany-1024x1024.png 1024w, https:\/\/justprint.sk\/blog\/wp-content\/uploads\/2020\/07\/scienny-listwowany-150x150.png 150w, https:\/\/justprint.sk\/blog\/wp-content\/uploads\/2020\/07\/scienny-listwowany-300x300.png 300w, https:\/\/justprint.sk\/blog\/wp-content\/uploads\/2020\/07\/scienny-listwowany-768x768.png 768w, https:\/\/justprint.sk\/blog\/wp-content\/uploads\/2020\/07\/scienny-listwowany-585x585.png 585w, https:\/\/justprint.sk\/blog\/wp-content\/uploads\/2020\/07\/scienny-listwowany-24x24.png 24w, https:\/\/justprint.sk\/blog\/wp-content\/uploads\/2020\/07\/scienny-listwowany-48x48.png 48w, https:\/\/justprint.sk\/blog\/wp-content\/uploads\/2020\/07\/scienny-listwowany-96x96.png 96w, https:\/\/justprint.sk\/blog\/wp-content\/uploads\/2020\/07\/scienny-listwowany.png 1080w\" sizes=\"(max-width: 1024px) 100vw, 1024px\" \/><\/figure><\/li><li class=\"blocks-gallery-item\"><figure><img decoding=\"async\" loading=\"lazy\" width=\"1024\" height=\"1024\" src=\"https:\/\/justprint.sk\/blog\/wp-content\/uploads\/2020\/07\/scienny-spiralowany-1024x1024.png\" alt=\"N\u00e1stenn\u00fd kalend\u00e1r so \u0161pir\u00e1lou\" data-id=\"1669\" data-link=\"https:\/\/justprint.sk\/blog\/2020\/07\/5-vyhod-tlacenych-kalendarov\/scienny-spiralowany\/\" class=\"wp-image-1669\" srcset=\"https:\/\/justprint.sk\/blog\/wp-content\/uploads\/2020\/07\/scienny-spiralowany-1024x1024.png 1024w, https:\/\/justprint.sk\/blog\/wp-content\/uploads\/2020\/07\/scienny-spiralowany-150x150.png 150w, https:\/\/justprint.sk\/blog\/wp-content\/uploads\/2020\/07\/scienny-spiralowany-300x300.png 300w, https:\/\/justprint.sk\/blog\/wp-content\/uploads\/2020\/07\/scienny-spiralowany-768x768.png 768w, https:\/\/justprint.sk\/blog\/wp-content\/uploads\/2020\/07\/scienny-spiralowany-585x585.png 585w, https:\/\/justprint.sk\/blog\/wp-content\/uploads\/2020\/07\/scienny-spiralowany-24x24.png 24w, https:\/\/justprint.sk\/blog\/wp-content\/uploads\/2020\/07\/scienny-spiralowany-48x48.png 48w, https:\/\/justprint.sk\/blog\/wp-content\/uploads\/2020\/07\/scienny-spiralowany-96x96.png 96w, https:\/\/justprint.sk\/blog\/wp-content\/uploads\/2020\/07\/scienny-spiralowany.png 1080w\" sizes=\"(max-width: 1024px) 100vw, 1024px\" \/><\/figure><\/li><\/ul>\n\n\n\n<h2 class=\"wp-block-heading\">4. Kalend\u00e1r je dobr\u00fd dar\u010dek<\/h2>\n\n\n\n<p>Papierov\u00e9 kalend\u00e1re s\u00fa skvel\u00fdm n\u00e1padom na u\u017eito\u010dn\u00fd dar\u010dek. Pri projektovan\u00ed kalend\u00e1ra si ho m\u00f4\u017eete prisp\u00f4sobi\u0165 a personalizova\u0165 pod\u013ea seba, pridan\u00edm d\u00f4le\u017eit\u00fdch rodinn\u00fdch \u00fadajov a spomienok. Tak\u00fdto kalend\u00e1r je mo\u017en\u00e9 doplni\u0165 spolo\u010dn\u00fdmi fotografiami, po\u010fakovaniami alebo personalizovan\u00fdmi venovaniami. <strong>Kalend\u00e1r v\u00e1m umo\u017en\u00ed d\u00e1vkova\u0165 a rozsieva\u0165 priania po cel\u00fd rok<\/strong> &#8211; pri\u010dom bude z\u00e1rove\u0148 praktick\u00fdm organiz\u00e1torom. Potenci\u00e1l kalend\u00e1rov \u010dasto vyu\u017e\u00edvaj\u00fa aj firmy pri navrhovan\u00ed \u0161peci\u00e1lnych kalend\u00e1rov pre svojich zamestnancov a z\u00e1kazn\u00edkov. Firemn\u00e9 kalend\u00e1re s\u00fa jedn\u00fdm z naj\u00fa\u010dinnej\u0161\u00edch reklamn\u00fdch m\u00e9di\u00ed, preto\u017ee funguj\u00fa cel\u00fdch 12 mesiacov.<\/p>\n\n\n\n<h2 class=\"wp-block-heading\">5. Kalend\u00e1r je v\u00e1\u0161 najlep\u0161\u00ed asistent <\/h2>\n\n\n\n<p>Pre\u010do? Ke\u010f u\u017e len preto, \u017ee pre v\u00e1s pracuje 12 mesiacov a po\u017eaduje ve\u013emi skromn\u00fa v\u00fdplatu &#8211; a to iba raz. Okrem toho pracuje pre v\u00e1s vo dne i v noci a m\u00f4\u017ee by\u0165 s vami kedyko\u013evek budete chcie\u0165. <strong>Kalend\u00e1r v\u00e1m pom\u00f4\u017ee usporiada\u0165 \u010das<\/strong> &#8211; rovnako v pr\u00e1ci ako aj vonku. V\u010faka tomu v\u00e1m nezabudnete na najd\u00f4le\u017eitej\u0161ie term\u00edny a nasleduj\u00face dni a mesiace &#8211; budete ma\u0165 pred sebou ako na dlani. Okrem toho &#8211; ako sme u\u017e uviedli, kalend\u00e1r je trpezliv\u00fd, l\u00e1skav\u00fd, nie je \u017eiarliv\u00fd a ne\u010dak\u00e1 na potlesk. Naozaj. <\/p>\n","protected":false},"excerpt":{"rendered":"<p>Oplat\u00ed sa e\u0161te projektova\u0165 papierov\u00e9 kalend\u00e1re? Alebo mo\u017eno je lep\u0161ie zosta\u0165 sa pri tom, ktor\u00fd m\u00e1me v smartf\u00f3ne? Ak st\u00e1le prem\u00fd\u0161\u013eate, \u010di sa oplat\u00ed zvoli\u0165 tla\u010den\u00e9 kalend\u00e1re, pre\u010d\u00edtajte si o&hellip;<\/p>\n","protected":false},"author":1,"featured_media":1662,"comment_status":"open","ping_status":"open","sticky":false,"template":"","format":"standard","meta":[],"categories":[36,37,35],"tags":[],"aioseo_notices":[],"_links":{"self":[{"href":"https:\/\/justprint.sk\/blog\/wp-json\/wp\/v2\/posts\/1661"}],"collection":[{"href":"https:\/\/justprint.sk\/blog\/wp-json\/wp\/v2\/posts"}],"about":[{"href":"https:\/\/justprint.sk\/blog\/wp-json\/wp\/v2\/types\/post"}],"author":[{"embeddable":true,"href":"https:\/\/justprint.sk\/blog\/wp-json\/wp\/v2\/users\/1"}],"replies":[{"embeddable":true,"href":"https:\/\/justprint.sk\/blog\/wp-json\/wp\/v2\/comments?post=1661"}],"version-history":[{"count":3,"href":"https:\/\/justprint.sk\/blog\/wp-json\/wp\/v2\/posts\/1661\/revisions"}],"predecessor-version":[{"id":1672,"href":"https:\/\/justprint.sk\/blog\/wp-json\/wp\/v2\/posts\/1661\/revisions\/1672"}],"wp:featuredmedia":[{"embeddable":true,"href":"https:\/\/justprint.sk\/blog\/wp-json\/wp\/v2\/media\/1662"}],"wp:attachment":[{"href":"https:\/\/justprint.sk\/blog\/wp-json\/wp\/v2\/media?parent=1661"}],"wp:term":[{"taxonomy":"category","embeddable":true,"href":"https:\/\/justprint.sk\/blog\/wp-json\/wp\/v2\/categories?post=1661"},{"taxonomy":"post_tag","embeddable":true,"href":"https:\/\/justprint.sk\/blog\/wp-json\/wp\/v2\/tags?post=1661"}],"curies":[{"name":"wp","href":"https:\/\/api.w.org\/{rel}","templated":true}]}}